{"id":31947,"date":"2023-09-28T18:33:55","date_gmt":"2023-09-28T22:33:55","guid":{"rendered":"https:\/\/www.conati.gob.ve\/?p=31947"},"modified":"2023-09-28T18:33:55","modified_gmt":"2023-09-28T22:33:55","slug":"ministra-gabriela-jimenez-ramirez-invita-visitar-la-fitelven-2023-en-el-poliedro","status":"publish","type":"post","link":"https:\/\/www.conati.gob.ve\/index.php\/2023\/09\/28\/ministra-gabriela-jimenez-ramirez-invita-visitar-la-fitelven-2023-en-el-poliedro\/","title":{"rendered":"Ministra Gabriela Jim\u00e9nez Ram\u00edrez invita visitar la FitelVen 2023 en el Poliedro"},"content":{"rendered":"\n<p>La ministra del Poder Popular para Ciencia y Tecnolog\u00eda (Mincyt), Gabriela Jim\u00e9nez Ram\u00edrez, invit\u00f3 al pueblo venezolano a visitar la Feria Internacional de Telecomunicaciones de Venezuela (Fitelven) 2023, que se desarrollar\u00e1 entre el 27 y el 30 de septiembre en el Poliedro de Caracas.<\/p>\n\n\n\n<p>En su cuenta de la red social X, la tambi\u00e9n ministra para Ciencia y Tecnolog\u00eda, coment\u00f3 que este espacio -con m\u00e1s de 140 estands- es para conocer las \u00faltimas tendencias en telecomunicaciones.<\/p>\n\n\n\n<p>\u201cS\u00ed quieres actualizarte y conocer las \u00faltimas tendencias en las telecomunicaciones, debes acercarte al Poliedro de Caracas y visitar la Feria de Telecomunicaciones de Venezuela\u201d, public\u00f3 en X.<\/p>\n\n\n\n<figure class=\"wp-block-embed is-type-rich is-provider-twitter wp-block-embed-twitter\"><div class=\"wp-block-embed__wrapper\">\n<blockquote class=\"twitter-tweet\" data-width=\"500\" data-dnt=\"true\"><p lang=\"es\" dir=\"ltr\">S\u00ed quieres actualizarte y conocer las \u00faltimas tendencias en las Telecomunicaciones, debes acercarte al Poliedro de Caracas y visitar la Feria de Telecomunicaciones de Venezuela \ud83c\uddfb\ud83c\uddea <a href=\"https:\/\/t.co\/PJGU1ap6AD\">pic.twitter.com\/PJGU1ap6AD<\/a><\/p>&mdash; Gabriela Jim\u00e9nez (@Gabrielasjr) <a href=\"https:\/\/twitter.com\/Gabrielasjr\/status\/1707085133378117989?ref_src=twsrc%5Etfw\">September 27, 2023<\/a><\/blockquote><script async src=\"https:\/\/platform.twitter.com\/widgets.js\" charset=\"utf-8\"><\/script>\n<\/div><\/figure>\n\n\n\n<p>La FitelVen muestra al mundo todos los avances tecnol\u00f3gicos de Venezuela, presentando productos y servicios; adem\u00e1s, establece contactos comerciales y alianzas estrat\u00e9gicas, con la finalidad de crear planes de acci\u00f3n que permitan seguir optimizando y dinamizando el desarrollo de las telecomunicaciones en el pa\u00eds, siguiendo lineamientos del presidente de la Rep\u00fablica, Nicol\u00e1s Maduro Moros.<\/p>\n\n\n\n<p>En la feria tambi\u00e9n se realizar\u00e1n ponencias con especialistas en diversas \u00e1reas, nacionales e internacionales, que mostrar\u00e1n sus desarrollos telecomunicacionales, entre ellos la quinta generaci\u00f3n de telefon\u00eda m\u00f3vil, tambi\u00e9n conocida como 5G.<\/p>\n\n\n\n<p>Recientemente, el ingeniero Rafael Ramos, gerente de Gesti\u00f3n de Servicios de Telecomunicaciones de Conatel, indic\u00f3 que en la feria se expondr\u00e1 el servicio de 5G para que el p\u00fablico pueda evidenciar c\u00f3mo es esta tecnolog\u00eda. Asimismo, se exhibir\u00e1n equipos que puedan medir este tipo de red y estudiar de cerca su comportamiento.<\/p>\n\n\n\n<p>Adem\u00e1s, se\u00f1al\u00f3 que en este evento presentar\u00e1n a Soph\u00eda, uno de los robots humanoides con Inteligencia Artificial m\u00e1s conocidos alrededor del mundo, creado por el Dr. David Hanson, de Hanson Robotics, con sede en Hong Kong, y que ya cuenta con nacionalidad saud\u00ed.<\/p>\n\n\n\n<p>Entre las empresas de telecomunicaciones que participar\u00e1n se encuentra Movilnet y Cantv, ambos adscritos al Ministerio del Poder Popular para Ciencia y Tecnolog\u00eda (Mincyt), con el objetivo de presentar sus avances y posicionar a Venezuela en la industria tecnol\u00f3gica mundial.<\/p>\n\n\n\n<p><em>Oficina de Gesti\u00f3n Comunicacional del Ministerio del Poder Popular para Ciencia y Tecnolog\u00eda \/ Periodista: Rosiris Ortega Ortiz<\/em><\/p>\n","protected":false},"excerpt":{"rendered":"<p>La ministra del Poder Popular para Ciencia y Tecnolog\u00eda (Mincyt), Gabriela Jim\u00e9nez Ram\u00edrez, invit\u00f3 al pueblo venezolano a visitar la Feria Internacional de Telecomunicaciones de Venezuela (Fitelven) 2023, que se desarrollar\u00e1 entre el 27 y el 30 de septiembre en el Poliedro de Caracas. En su cuenta de la red social X, la tambi\u00e9n ministra [&hellip;]<\/p>\n","protected":false},"author":1,"featured_media":31948,"comment_status":"open","ping_status":"open","sticky":false,"template":"","format":"standard","meta":{"site-sidebar-layout":"default","site-content-layout":"","ast-site-content-layout":"default","site-content-style":"default","site-sidebar-style":"default","ast-global-header-display":"","ast-banner-title-visibility":"","ast-main-header-display":"","ast-hfb-above-header-display":"","ast-hfb-below-header-display":"","ast-hfb-mobile-header-display":"","site-post-title":"","ast-breadcrumbs-content":"","ast-featured-img":"","footer-sml-layout":"","ast-disable-related-posts":"","theme-transparent-header-meta":"","adv-header-id-meta":"","stick-header-meta":"","header-above-stick-meta":"","header-main-stick-meta":"","header-below-stick-meta":"","astra-migrate-meta-layouts":"default","ast-page-background-enabled":"default","ast-page-background-meta":{"desktop":{"background-color":"","background-image":"","background-repeat":"repeat","background-position":"center center","background-size":"auto","background-attachment":"scroll","background-type":"","background-media":"","overlay-type":"","overlay-color":"","overlay-opacity":"","overlay-gradient":""},"tablet":{"background-color":"","background-image":"","background-repeat":"repeat","background-position":"center center","background-size":"auto","background-attachment":"scroll","background-type":"","background-media":"","overlay-type":"","overlay-color":"","overlay-opacity":"","overlay-gradient":""},"mobile":{"background-color":"","background-image":"","background-repeat":"repeat","background-position":"center center","background-size":"auto","background-attachment":"scroll","background-type":"","background-media":"","overlay-type":"","overlay-color":"","overlay-opacity":"","overlay-gradient":""}},"ast-content-background-meta":{"desktop":{"background-color":"var(--ast-global-color-5)","background-image":"","background-repeat":"repeat","background-position":"center center","background-size":"auto","background-attachment":"scroll","background-type":"","background-media":"","overlay-type":"","overlay-color":"","overlay-opacity":"","overlay-gradient":""},"tablet":{"background-color":"var(--ast-global-color-5)","background-image":"","background-repeat":"repeat","background-position":"center center","background-size":"auto","background-attachment":"scroll","background-type":"","background-media":"","overlay-type":"","overlay-color":"","overlay-opacity":"","overlay-gradient":""},"mobile":{"background-color":"var(--ast-global-color-5)","background-image":"","background-repeat":"repeat","background-position":"center center","background-size":"auto","background-attachment":"scroll","background-type":"","background-media":"","overlay-type":"","overlay-color":"","overlay-opacity":"","overlay-gradient":""}},"footnotes":""},"categories":[27,12],"tags":[58,55,56,57],"class_list":["post-31947","post","type-post","status-publish","format-standard","has-post-thumbnail","hentry","category-nacionales","category-noticias","tag-avances-tecnologicos","tag-fitelven-2023","tag-inaguracion","tag-ministra-gabriela-jimenez"],"_links":{"self":[{"href":"https:\/\/www.conati.gob.ve\/index.php\/wp-json\/wp\/v2\/posts\/31947","targetHints":{"allow":["GET"]}}],"collection":[{"href":"https:\/\/www.conati.gob.ve\/index.php\/wp-json\/wp\/v2\/posts"}],"about":[{"href":"https:\/\/www.conati.gob.ve\/index.php\/wp-json\/wp\/v2\/types\/post"}],"author":[{"embeddable":true,"href":"https:\/\/www.conati.gob.ve\/index.php\/wp-json\/wp\/v2\/users\/1"}],"replies":[{"embeddable":true,"href":"https:\/\/www.conati.gob.ve\/index.php\/wp-json\/wp\/v2\/comments?post=31947"}],"version-history":[{"count":1,"href":"https:\/\/www.conati.gob.ve\/index.php\/wp-json\/wp\/v2\/posts\/31947\/revisions"}],"predecessor-version":[{"id":31949,"href":"https:\/\/www.conati.gob.ve\/index.php\/wp-json\/wp\/v2\/posts\/31947\/revisions\/31949"}],"wp:featuredmedia":[{"embeddable":true,"href":"https:\/\/www.conati.gob.ve\/index.php\/wp-json\/wp\/v2\/media\/31948"}],"wp:attachment":[{"href":"https:\/\/www.conati.gob.ve\/index.php\/wp-json\/wp\/v2\/media?parent=31947"}],"wp:term":[{"taxonomy":"category","embeddable":true,"href":"https:\/\/www.conati.gob.ve\/index.php\/wp-json\/wp\/v2\/categories?post=31947"},{"taxonomy":"post_tag","embeddable":true,"href":"https:\/\/www.conati.gob.ve\/index.php\/wp-json\/wp\/v2\/tags?post=31947"}],"curies":[{"name":"wp","href":"https:\/\/api.w.org\/{rel}","templated":true}]}}