{"id":35601,"date":"2023-10-11T18:38:34","date_gmt":"2023-10-11T22:38:34","guid":{"rendered":"https:\/\/www.conati.gob.ve\/?p=35601"},"modified":"2023-10-11T18:38:34","modified_gmt":"2023-10-11T22:38:34","slug":"11-de-octubre-dia-internacional-de-la-nina","status":"publish","type":"post","link":"https:\/\/www.conati.gob.ve\/index.php\/2023\/10\/11\/11-de-octubre-dia-internacional-de-la-nina\/","title":{"rendered":"11 de Octubre | D\u00eda Internacional de la Ni\u00f1a"},"content":{"rendered":"\n<p>Con el objetivo de generar conciencia en las personas por los desaf\u00edos que enfrentan las ni\u00f1as y adolescentes en todo el mundo, la Organizaci\u00f3n de las Naciones Unidas (ONU), decret\u00f3 el 11 de Octubre de 2012, como el D\u00eda Internacional de la Ni\u00f1a, bajo la resoluci\u00f3n 66\/170.<\/p>\n\n\n\n<p>La declaratoria parte de la idea de que las ni\u00f1as y las adolescentes tienen derecho a una vida segura, educada y saludable, desde sus primeros a\u00f1os de crecimiento y formaci\u00f3n hasta convertirse en mujeres.<\/p>\n\n\n\n<p>Tambi\u00e9n orienta sensibilizar a la sociedad sobre el necesario empoderamiento de las ni\u00f1as, con el objetivo de romper el ciclo de discriminaci\u00f3n y violencia de las que son v\u00edctimas.<\/p>\n\n\n\n<p>Durante esta fecha, la ONU invita a los gobiernos a generar acciones para: potenciar el acceso a la educaci\u00f3n en ni\u00f1as y mujeres; erradicar la mutilaci\u00f3n genital femenina, el matrimonio infantil, la violencia basada en g\u00e9nero, la mortalidad materna, la exclusi\u00f3n econ\u00f3mica, as\u00ed como tambi\u00e9n la trata y esclavitud.<\/p>\n\n\n\n<p>En Venezuela, las pol\u00edticas establecidas por el Gobierno Bolivariano enaltecen el rol de la mujer, promoviendo y protegiendo sus derechos humanos desde la ni\u00f1ez. Adem\u00e1s, resalta que las mujeres cumplen un papel importante en el desarrollo y crecimiento de la naci\u00f3n.&nbsp;&nbsp;<\/p>\n\n\n\n<p>Prensa Conati \/ Periodista: <strong>Daniela Noguera.<\/strong><\/p>\n","protected":false},"excerpt":{"rendered":"<p>Con el objetivo de generar conciencia en las personas por los desaf\u00edos que enfrentan las ni\u00f1as y adolescentes en todo el mundo, la Organizaci\u00f3n de las Naciones Unidas (ONU), decret\u00f3 el 11 de Octubre de 2012, como el D\u00eda Internacional de la Ni\u00f1a, bajo la resoluci\u00f3n 66\/170. La declaratoria parte de la idea de que [&hellip;]<\/p>\n","protected":false},"author":1,"featured_media":35602,"comment_status":"open","ping_status":"open","sticky":false,"template":"","format":"standard","meta":{"site-sidebar-layout":"default","site-content-layout":"","ast-site-content-layout":"default","site-content-style":"default","site-sidebar-style":"default","ast-global-header-display":"","ast-banner-title-visibility":"","ast-main-header-display":"","ast-hfb-above-header-display":"","ast-hfb-below-header-display":"","ast-hfb-mobile-header-display":"","site-post-title":"","ast-breadcrumbs-content":"","ast-featured-img":"","footer-sml-layout":"","ast-disable-related-posts":"","theme-transparent-header-meta":"","adv-header-id-meta":"","stick-header-meta":"","header-above-stick-meta":"","header-main-stick-meta":"","header-below-stick-meta":"","astra-migrate-meta-layouts":"default","ast-page-background-enabled":"default","ast-page-background-meta":{"desktop":{"background-color":"","background-image":"","background-repeat":"repeat","background-position":"center center","background-size":"auto","background-attachment":"scroll","background-type":"","background-media":"","overlay-type":"","overlay-color":"","overlay-opacity":"","overlay-gradient":""},"tablet":{"background-color":"","background-image":"","background-repeat":"repeat","background-position":"center center","background-size":"auto","background-attachment":"scroll","background-type":"","background-media":"","overlay-type":"","overlay-color":"","overlay-opacity":"","overlay-gradient":""},"mobile":{"background-color":"","background-image":"","background-repeat":"repeat","background-position":"center center","background-size":"auto","background-attachment":"scroll","background-type":"","background-media":"","overlay-type":"","overlay-color":"","overlay-opacity":"","overlay-gradient":""}},"ast-content-background-meta":{"desktop":{"background-color":"var(--ast-global-color-5)","background-image":"","background-repeat":"repeat","background-position":"center center","background-size":"auto","background-attachment":"scroll","background-type":"","background-media":"","overlay-type":"","overlay-color":"","overlay-opacity":"","overlay-gradient":""},"tablet":{"background-color":"var(--ast-global-color-5)","background-image":"","background-repeat":"repeat","background-position":"center center","background-size":"auto","background-attachment":"scroll","background-type":"","background-media":"","overlay-type":"","overlay-color":"","overlay-opacity":"","overlay-gradient":""},"mobile":{"background-color":"var(--ast-global-color-5)","background-image":"","background-repeat":"repeat","background-position":"center center","background-size":"auto","background-attachment":"scroll","background-type":"","background-media":"","overlay-type":"","overlay-color":"","overlay-opacity":"","overlay-gradient":""}},"footnotes":""},"categories":[29,27],"tags":[61,59,60,62],"class_list":["post-35601","post","type-post","status-publish","format-standard","has-post-thumbnail","hentry","category-conati","category-nacionales","tag-derecho","tag-dia-internacional-de-la-nina","tag-organizacion-de-las-naciones-unidas-onu","tag-vida-segura"],"_links":{"self":[{"href":"https:\/\/www.conati.gob.ve\/index.php\/wp-json\/wp\/v2\/posts\/35601","targetHints":{"allow":["GET"]}}],"collection":[{"href":"https:\/\/www.conati.gob.ve\/index.php\/wp-json\/wp\/v2\/posts"}],"about":[{"href":"https:\/\/www.conati.gob.ve\/index.php\/wp-json\/wp\/v2\/types\/post"}],"author":[{"embeddable":true,"href":"https:\/\/www.conati.gob.ve\/index.php\/wp-json\/wp\/v2\/users\/1"}],"replies":[{"embeddable":true,"href":"https:\/\/www.conati.gob.ve\/index.php\/wp-json\/wp\/v2\/comments?post=35601"}],"version-history":[{"count":1,"href":"https:\/\/www.conati.gob.ve\/index.php\/wp-json\/wp\/v2\/posts\/35601\/revisions"}],"predecessor-version":[{"id":35603,"href":"https:\/\/www.conati.gob.ve\/index.php\/wp-json\/wp\/v2\/posts\/35601\/revisions\/35603"}],"wp:featuredmedia":[{"embeddable":true,"href":"https:\/\/www.conati.gob.ve\/index.php\/wp-json\/wp\/v2\/media\/35602"}],"wp:attachment":[{"href":"https:\/\/www.conati.gob.ve\/index.php\/wp-json\/wp\/v2\/media?parent=35601"}],"wp:term":[{"taxonomy":"category","embeddable":true,"href":"https:\/\/www.conati.gob.ve\/index.php\/wp-json\/wp\/v2\/categories?post=35601"},{"taxonomy":"post_tag","embeddable":true,"href":"https:\/\/www.conati.gob.ve\/index.php\/wp-json\/wp\/v2\/tags?post=35601"}],"curies":[{"name":"wp","href":"https:\/\/api.w.org\/{rel}","templated":true}]}}