{"id":35614,"date":"2023-10-12T11:03:38","date_gmt":"2023-10-12T15:03:38","guid":{"rendered":"https:\/\/www.conati.gob.ve\/?p=35614"},"modified":"2023-10-12T11:03:38","modified_gmt":"2023-10-12T15:03:38","slug":"dia-de-la-resistencia-indigena-en-conmemoracion-a-los-pueblos-originarios","status":"publish","type":"post","link":"https:\/\/www.conati.gob.ve\/index.php\/2023\/10\/12\/dia-de-la-resistencia-indigena-en-conmemoracion-a-los-pueblos-originarios\/","title":{"rendered":"D\u00eda de la Resistencia Ind\u00edgena | En conmemoraci\u00f3n a los pueblos originarios"},"content":{"rendered":"\n<p>En conmemoraci\u00f3n a la constancia, la lucha por la dignidad y la diversidad cultural y humana de los pueblos originarios de Am\u00e9rica, desde el a\u00f1o 2002, por decreto presidencial emitido por el Comandante Hugo Ch\u00e1vez, en Venezuela se conmemora el 12 de octubre como el \u201cD\u00eda de la Resistencia Ind\u00edgena\u201d. <\/p>\n\n\n\n<p>Esta fecha honra el \u00edmpetu que caracteriza a nuestros pueblos ind\u00edgenas, quienes ante la llegada de los colonizadores mantuvieron siempre su firmeza, con la finalidad de proteger sus tierras. <\/p>\n\n\n\n<p>Asimismo, comprometidos con su cultura siguieron conservando sus lenguas, costumbres y formas de organizaci\u00f3n social, c\u00f3mo respeto a la naturaleza y al ser humano.<\/p>\n\n\n\n<p>Tras la llegada de la colonizaci\u00f3n se permiti\u00f3 la evoluci\u00f3n de estos pueblos a trav\u00e9s de avances tecnol\u00f3gicos, debido a que durante d\u00e9cadas s\u00f3lo pod\u00edan disfrutar de estos, las clases dominantes espa\u00f1olas o los blancos criollos venezolanos. <\/p>\n\n\n\n<p>Es por ello que, el Gobierno Bolivariano contin\u00faa fomentando el reconocimiento a los pueblos originarios, as\u00ed como la lucha por sus espacios motivando a su vez a los venezolano a impulsar su integraci\u00f3n social.<\/p>\n\n\n\n<p>Prensa: Conati \/ Redacci\u00f3n: Daniela Noguera <\/p>\n\n\n\n<p><\/p>\n","protected":false},"excerpt":{"rendered":"<p>En conmemoraci\u00f3n a la constancia, la lucha por la dignidad y la diversidad cultural y humana de los pueblos originarios de Am\u00e9rica, desde el a\u00f1o 2002, por decreto presidencial emitido por el Comandante Hugo Ch\u00e1vez, en Venezuela se conmemora el 12 de octubre como el \u201cD\u00eda de la Resistencia Ind\u00edgena\u201d. Esta fecha honra el \u00edmpetu [&hellip;]<\/p>\n","protected":false},"author":1,"featured_media":35615,"comment_status":"open","ping_status":"open","sticky":false,"template":"","format":"standard","meta":{"site-sidebar-layout":"default","site-content-layout":"","ast-site-content-layout":"default","site-content-style":"default","site-sidebar-style":"default","ast-global-header-display":"","ast-banner-title-visibility":"","ast-main-header-display":"","ast-hfb-above-header-display":"","ast-hfb-below-header-display":"","ast-hfb-mobile-header-display":"","site-post-title":"","ast-breadcrumbs-content":"","ast-featured-img":"","footer-sml-layout":"","ast-disable-related-posts":"","theme-transparent-header-meta":"","adv-header-id-meta":"","stick-header-meta":"","header-above-stick-meta":"","header-main-stick-meta":"","header-below-stick-meta":"","astra-migrate-meta-layouts":"default","ast-page-background-enabled":"default","ast-page-background-meta":{"desktop":{"background-color":"","background-image":"","background-repeat":"repeat","background-position":"center center","background-size":"auto","background-attachment":"scroll","background-type":"","background-media":"","overlay-type":"","overlay-color":"","overlay-opacity":"","overlay-gradient":""},"tablet":{"background-color":"","background-image":"","background-repeat":"repeat","background-position":"center center","background-size":"auto","background-attachment":"scroll","background-type":"","background-media":"","overlay-type":"","overlay-color":"","overlay-opacity":"","overlay-gradient":""},"mobile":{"background-color":"","background-image":"","background-repeat":"repeat","background-position":"center center","background-size":"auto","background-attachment":"scroll","background-type":"","background-media":"","overlay-type":"","overlay-color":"","overlay-opacity":"","overlay-gradient":""}},"ast-content-background-meta":{"desktop":{"background-color":"var(--ast-global-color-5)","background-image":"","background-repeat":"repeat","background-position":"center center","background-size":"auto","background-attachment":"scroll","background-type":"","background-media":"","overlay-type":"","overlay-color":"","overlay-opacity":"","overlay-gradient":""},"tablet":{"background-color":"var(--ast-global-color-5)","background-image":"","background-repeat":"repeat","background-position":"center center","background-size":"auto","background-attachment":"scroll","background-type":"","background-media":"","overlay-type":"","overlay-color":"","overlay-opacity":"","overlay-gradient":""},"mobile":{"background-color":"var(--ast-global-color-5)","background-image":"","background-repeat":"repeat","background-position":"center center","background-size":"auto","background-attachment":"scroll","background-type":"","background-media":"","overlay-type":"","overlay-color":"","overlay-opacity":"","overlay-gradient":""}},"footnotes":""},"categories":[29,27],"tags":[72,73,71],"class_list":["post-35614","post","type-post","status-publish","format-standard","has-post-thumbnail","hentry","category-conati","category-nacionales","tag-colonizacion","tag-libertad","tag-pueblos-originarios"],"_links":{"self":[{"href":"https:\/\/www.conati.gob.ve\/index.php\/wp-json\/wp\/v2\/posts\/35614","targetHints":{"allow":["GET"]}}],"collection":[{"href":"https:\/\/www.conati.gob.ve\/index.php\/wp-json\/wp\/v2\/posts"}],"about":[{"href":"https:\/\/www.conati.gob.ve\/index.php\/wp-json\/wp\/v2\/types\/post"}],"author":[{"embeddable":true,"href":"https:\/\/www.conati.gob.ve\/index.php\/wp-json\/wp\/v2\/users\/1"}],"replies":[{"embeddable":true,"href":"https:\/\/www.conati.gob.ve\/index.php\/wp-json\/wp\/v2\/comments?post=35614"}],"version-history":[{"count":1,"href":"https:\/\/www.conati.gob.ve\/index.php\/wp-json\/wp\/v2\/posts\/35614\/revisions"}],"predecessor-version":[{"id":35616,"href":"https:\/\/www.conati.gob.ve\/index.php\/wp-json\/wp\/v2\/posts\/35614\/revisions\/35616"}],"wp:featuredmedia":[{"embeddable":true,"href":"https:\/\/www.conati.gob.ve\/index.php\/wp-json\/wp\/v2\/media\/35615"}],"wp:attachment":[{"href":"https:\/\/www.conati.gob.ve\/index.php\/wp-json\/wp\/v2\/media?parent=35614"}],"wp:term":[{"taxonomy":"category","embeddable":true,"href":"https:\/\/www.conati.gob.ve\/index.php\/wp-json\/wp\/v2\/categories?post=35614"},{"taxonomy":"post_tag","embeddable":true,"href":"https:\/\/www.conati.gob.ve\/index.php\/wp-json\/wp\/v2\/tags?post=35614"}],"curies":[{"name":"wp","href":"https:\/\/api.w.org\/{rel}","templated":true}]}}