{"id":39096,"date":"2023-10-24T15:49:15","date_gmt":"2023-10-24T19:49:15","guid":{"rendered":"https:\/\/www.conati.gob.ve\/?p=39096"},"modified":"2023-10-24T15:49:15","modified_gmt":"2023-10-24T19:49:15","slug":"presidente-maduro-destaca-trascendencia-del-referendum-consultivo-en-defensa-del-esequibo","status":"publish","type":"post","link":"https:\/\/www.conati.gob.ve\/index.php\/2023\/10\/24\/presidente-maduro-destaca-trascendencia-del-referendum-consultivo-en-defensa-del-esequibo\/","title":{"rendered":"Presidente Maduro destaca trascendencia del Refer\u00e9ndum Consultivo en defensa del Esequibo"},"content":{"rendered":"\n<p>El presidente de la Rep\u00fablica, Nicol\u00e1s Maduro Moros, aplaudi\u00f3 este lunes la aprobaci\u00f3n de las preguntas para el Refer\u00e9ndum Consultivo en defensa de la Guayana Esequiba que se llevar\u00e1 a cabo el pr\u00f3ximo 3 de diciembre.<\/p>\n\n\n\n<p>Durante la emisi\u00f3n de su programa \u201cCon Maduro +\u201d, destac\u00f3 que por primera vez, en 200 a\u00f1os en la historia de Venezuela, se realiza un proceso consultivo sobre el territorio Esequibo.<\/p>\n\n\n\n<p>\u201cPrimera vez en la historia de Venezuela, en 200 a\u00f1os, que se le dan los argumentos pol\u00edticos, diplom\u00e1ticos a este territorio y se involucra a nuestro pueblo para que tomemos una decisi\u00f3n colectiva para hacer valer nuestros derechos, el esp\u00edritu de la Constituci\u00f3n (\u2026) Una democracia participativa y protag\u00f3nica\u201d, se\u00f1al\u00f3.<\/p>\n\n\n\n<p>El mandatario nacional se\u00f1al\u00f3 que este proceso electoral no se trata de \u201cchavistas ni antichavistas\u201d sino de venezolanos y venezolanas que \u201cest\u00e1n indignados con los imperios del mundo, con las transnacionales y el Gobierno de Guyana que pretenden quitarnos la tierra que conquistaron nuestros libertadores\u201d.<\/p>\n\n\n\n<p>Finalmente, invit\u00f3 al pueblo venezolano a participar masivamente en esta actividad para hacer valer los derechos de la naci\u00f3n.&nbsp;<\/p>\n\n\n\n<p>\u201cEn Venezuela los grandes asuntos de inter\u00e9s nacional son consultados al pueblo. Somos protagonistas de la verdadera democracia participativa\u201d, afirm\u00f3.<\/p>\n\n\n\n<p>Este lunes, el Consejo Nacional Electoral (CNE), present\u00f3 las cinco preguntas del Refer\u00e9ndum Consultivo en defensa de la Guayana Esequiba, previsto para el mes de diciembre.&nbsp;<\/p>\n\n\n\n<p>Las preguntas establecidas para esta consulta popular son:<\/p>\n\n\n\n<ol class=\"wp-block-list\">\n<li>\u00bfEst\u00e1 usted de acuerdo en rechazar por todos los medios conforme al derecho la l\u00ednea impuesta fraudulentamente por el laudo arbitral de Par\u00eds, de 1899, que pretende despojarnos de nuestra Guayana Esequiba?<\/li>\n\n\n\n<li>\u00bfApoya usted el Acuerdo de Ginebra de 1966 como el \u00fanico instrumento jur\u00eddico v\u00e1lido para alcanzar una soluci\u00f3n pr\u00e1ctica y satisfactoria para Venezuela y Guyana en torno a la controversia sobre el territorio de la Guayana Esequiba?<\/li>\n\n\n\n<li>\u00bfEst\u00e1 usted de acuerdo con la posici\u00f3n hist\u00f3rica de Venezuela, de no reconocer la jurisdicci\u00f3n de la Corte Internacional de Justicia para resolver la controversia territorial sobre la Guayana Esequiba?<\/li>\n\n\n\n<li>\u00bfEst\u00e1 usted de acuerdo en oponerse por todos los medios conforme al derecho a la pretensi\u00f3n de Guyana, de disponer unilateralmente de un mar pendiente por delimitar de manera ilegal y en violaci\u00f3n del derecho internacional?<\/li>\n\n\n\n<li>\u00bfEst\u00e1 usted de acuerdo con la creaci\u00f3n del Estado Guayana Esequiba y se desarrolle un plan acelerado para la atenci\u00f3n integral de la poblaci\u00f3n actual y futura de ese territorio, que incluya, entre otros, el otorgamiento de la ciudadan\u00eda y c\u00e9dula de identidad venezolana conforme al acuerdo de Ginebra y el derecho internacional, incorporando en consecuencia dicho Estado en el mapa del territorio venezolano?<\/li>\n<\/ol>\n\n\n\n<p><em>Oficina de Gesti\u00f3n Comunicacional del Ministerio del Poder Popular para Ciencia y Tecnolog\u00eda \/ Periodista: Ghiccelle Chac\u00edn.<\/em><\/p>\n","protected":false},"excerpt":{"rendered":"<p>El presidente de la Rep\u00fablica, Nicol\u00e1s Maduro Moros, aplaudi\u00f3 este lunes la aprobaci\u00f3n de las preguntas para el Refer\u00e9ndum Consultivo en defensa de la Guayana Esequiba que se llevar\u00e1 a cabo el pr\u00f3ximo 3 de diciembre. Durante la emisi\u00f3n de su programa \u201cCon Maduro +\u201d, destac\u00f3 que por primera vez, en 200 a\u00f1os en la [&hellip;]<\/p>\n","protected":false},"author":1,"featured_media":39097,"comment_status":"open","ping_status":"open","sticky":false,"template":"","format":"standard","meta":{"site-sidebar-layout":"default","site-content-layout":"","ast-site-content-layout":"default","site-content-style":"default","site-sidebar-style":"default","ast-global-header-display":"","ast-banner-title-visibility":"","ast-main-header-display":"","ast-hfb-above-header-display":"","ast-hfb-below-header-display":"","ast-hfb-mobile-header-display":"","site-post-title":"","ast-breadcrumbs-content":"","ast-featured-img":"","footer-sml-layout":"","ast-disable-related-posts":"","theme-transparent-header-meta":"","adv-header-id-meta":"","stick-header-meta":"","header-above-stick-meta":"","header-main-stick-meta":"","header-below-stick-meta":"","astra-migrate-meta-layouts":"default","ast-page-background-enabled":"default","ast-page-background-meta":{"desktop":{"background-color":"","background-image":"","background-repeat":"repeat","background-position":"center center","background-size":"auto","background-attachment":"scroll","background-type":"","background-media":"","overlay-type":"","overlay-color":"","overlay-opacity":"","overlay-gradient":""},"tablet":{"background-color":"","background-image":"","background-repeat":"repeat","background-position":"center center","background-size":"auto","background-attachment":"scroll","background-type":"","background-media":"","overlay-type":"","overlay-color":"","overlay-opacity":"","overlay-gradient":""},"mobile":{"background-color":"","background-image":"","background-repeat":"repeat","background-position":"center center","background-size":"auto","background-attachment":"scroll","background-type":"","background-media":"","overlay-type":"","overlay-color":"","overlay-opacity":"","overlay-gradient":""}},"ast-content-background-meta":{"desktop":{"background-color":"var(--ast-global-color-5)","background-image":"","background-repeat":"repeat","background-position":"center center","background-size":"auto","background-attachment":"scroll","background-type":"","background-media":"","overlay-type":"","overlay-color":"","overlay-opacity":"","overlay-gradient":""},"tablet":{"background-color":"var(--ast-global-color-5)","background-image":"","background-repeat":"repeat","background-position":"center center","background-size":"auto","background-attachment":"scroll","background-type":"","background-media":"","overlay-type":"","overlay-color":"","overlay-opacity":"","overlay-gradient":""},"mobile":{"background-color":"var(--ast-global-color-5)","background-image":"","background-repeat":"repeat","background-position":"center center","background-size":"auto","background-attachment":"scroll","background-type":"","background-media":"","overlay-type":"","overlay-color":"","overlay-opacity":"","overlay-gradient":""}},"footnotes":""},"categories":[27,12],"tags":[82,48,81,76],"class_list":["post-39096","post","type-post","status-publish","format-standard","has-post-thumbnail","hentry","category-nacionales","category-noticias","tag-esequibo","tag-presidente-nicolas-maduro","tag-referedum","tag-venezuela"],"_links":{"self":[{"href":"https:\/\/www.conati.gob.ve\/index.php\/wp-json\/wp\/v2\/posts\/39096","targetHints":{"allow":["GET"]}}],"collection":[{"href":"https:\/\/www.conati.gob.ve\/index.php\/wp-json\/wp\/v2\/posts"}],"about":[{"href":"https:\/\/www.conati.gob.ve\/index.php\/wp-json\/wp\/v2\/types\/post"}],"author":[{"embeddable":true,"href":"https:\/\/www.conati.gob.ve\/index.php\/wp-json\/wp\/v2\/users\/1"}],"replies":[{"embeddable":true,"href":"https:\/\/www.conati.gob.ve\/index.php\/wp-json\/wp\/v2\/comments?post=39096"}],"version-history":[{"count":1,"href":"https:\/\/www.conati.gob.ve\/index.php\/wp-json\/wp\/v2\/posts\/39096\/revisions"}],"predecessor-version":[{"id":39098,"href":"https:\/\/www.conati.gob.ve\/index.php\/wp-json\/wp\/v2\/posts\/39096\/revisions\/39098"}],"wp:featuredmedia":[{"embeddable":true,"href":"https:\/\/www.conati.gob.ve\/index.php\/wp-json\/wp\/v2\/media\/39097"}],"wp:attachment":[{"href":"https:\/\/www.conati.gob.ve\/index.php\/wp-json\/wp\/v2\/media?parent=39096"}],"wp:term":[{"taxonomy":"category","embeddable":true,"href":"https:\/\/www.conati.gob.ve\/index.php\/wp-json\/wp\/v2\/categories?post=39096"},{"taxonomy":"post_tag","embeddable":true,"href":"https:\/\/www.conati.gob.ve\/index.php\/wp-json\/wp\/v2\/tags?post=39096"}],"curies":[{"name":"wp","href":"https:\/\/api.w.org\/{rel}","templated":true}]}}