{"id":46197,"date":"2023-12-20T16:09:02","date_gmt":"2023-12-20T20:09:02","guid":{"rendered":"https:\/\/www.conati.gob.ve\/?p=46197"},"modified":"2024-02-28T14:55:35","modified_gmt":"2024-02-28T18:55:35","slug":"gobierno-venezolano-celebra-victoria-de-la-dignidad-tras-liberacion-del-diplomatico-alex-saab","status":"publish","type":"post","link":"https:\/\/www.conati.gob.ve\/index.php\/2023\/12\/20\/gobierno-venezolano-celebra-victoria-de-la-dignidad-tras-liberacion-del-diplomatico-alex-saab\/","title":{"rendered":"Gobierno venezolano celebra victoria de la dignidad tras liberaci\u00f3n del diplom\u00e1tico \u00c1lex Saab"},"content":{"rendered":"\n<p>El Gobierno de la Rep\u00fablica Bolivariana de Venezuela inform\u00f3 sobre la liberaci\u00f3n del diplom\u00e1tico<a href=\"https:\/\/mppre.gob.ve\/wp-content\/uploads\/2022\/07\/Biografia-Alez-Saab.pdf\"> Alex Saab<\/a>, quien permaneci\u00f3 ilegalmente detenido y secuestrado durante tres a\u00f1os y medios en una c\u00e1rcel de los Estados Unidos.<\/p>\n\n\n\n<p>El documento, publicado por el Ministro de Comunicaci\u00f3n e Informaci\u00f3n, Freddy \u00d1a\u00f1ez, en la red social X, precisa que: \u201cSu libertad es s\u00edmbolo de victoria de la diplomacia bolivariana de paz y de las miles de manifestaciones de solidaridad expresadas desde todos los rincones del mundo por parte de movimientos sociales, intelectuales, artistas y dem\u00e1s luchadores por la justicia\u201d.<\/p>\n\n\n\n<p>Agrega que con esta liberaci\u00f3n \u201cse rompe el eslab\u00f3n de esta injusticia que nos obliga a reafirmar una vez m\u00e1s la exigencia un\u00e1nime de Venezuela toda para que cese de forma definitiva, inmediata e incondicional el criminal bloqueo que el Gobierno de Estados Unidos impone contra todo el pueblo venezolano\u201d.<\/p>\n\n\n\n<p><strong>A continuaci\u00f3n el texto \u00edntegro del comunicado:<\/strong><\/p>\n\n\n\n<p><strong>Comunicado por la Victoria de la Verdad de la Verdad y la Dignidad de Venezuela<\/strong><\/p>\n\n\n\n<p>El Gobierno de la Rep\u00fablica Bolivariana de Venezuela celebra con j\u00fabilo la liberaci\u00f3n y retorno a su Patria de nuestro diplom\u00e1tico, Alex Saab, quien hasta hoy estuvo injustamente secuestrado en una c\u00e1rcel estadounidense.<\/p>\n\n\n\n<p>El pueblo lo recibe con orgullo luego de haber sufrido tres a\u00f1os y medio de detenci\u00f3n ilegal bajo tratos crueles, inhumanos y degradantes, violando sus derechos humanos y la Convenci\u00f3n de Viene que le confiere inmunidad diplom\u00e1tica.<\/p>\n\n\n\n<p>Alex Saab es una v\u00edctima de la retaliaci\u00f3n del gobierno de Estados Unidos por sus excepcionales esfuerzos internacionales en la protecci\u00f3n de los derechos sociales de todas y todos los venezolanos, ante el recrudecimiento de las medidas coercitivas unilaterales.<\/p>\n\n\n\n<p>Su libertad es un s\u00edmbolo de victoria de la diplomacia bolivariana de paz y de las miles de manifestaciones de solidaridad expresadas desde todos los rincones del mundo por parte de movimientos sociales, intelectuales, artistas y dem\u00e1s luchadores por la justicia.<\/p>\n\n\n\n<p>El Gobierno de la Rep\u00fablica Bolivariana de Venezuela reconoce especialmente la valent\u00eda y la dignidad de su esposa, hijos y familiares, quienes le estuvieron acompa\u00f1ando en todo momento en la denuncia y en la esperanza por su liberaci\u00f3n.<\/p>\n\n\n\n<p>Hoy se rompe el eslab\u00f3n de esta injusticia que nos obliga a reafirmar una vez m\u00e1s la exigencia un\u00e1nime de Venezuela toda para que cese de forma definitiva, inmediata e incondicional el criminal bloqueo que el Gobierno de Estados Unidos impone contra todo el pueblo venezolano.<\/p>\n\n\n\n<p><strong>Caracas, 20 de diciembre de 2023<\/strong><\/p>\n","protected":false},"excerpt":{"rendered":"<p>El Gobierno de la Rep\u00fablica Bolivariana de Venezuela inform\u00f3 sobre la liberaci\u00f3n del diplom\u00e1tico Alex Saab, quien permaneci\u00f3 ilegalmente detenido y secuestrado durante tres a\u00f1os y medios en una c\u00e1rcel de los Estados Unidos. El documento, publicado por el Ministro de Comunicaci\u00f3n e Informaci\u00f3n, Freddy \u00d1a\u00f1ez, en la red social X, precisa que: \u201cSu libertad [&hellip;]<\/p>\n","protected":false},"author":1,"featured_media":46198,"comment_status":"closed","ping_status":"open","sticky":false,"template":"","format":"standard","meta":{"site-sidebar-layout":"default","site-content-layout":"","ast-site-content-layout":"default","site-content-style":"default","site-sidebar-style":"default","ast-global-header-display":"","ast-banner-title-visibility":"","ast-main-header-display":"","ast-hfb-above-header-display":"","ast-hfb-below-header-display":"","ast-hfb-mobile-header-display":"","site-post-title":"","ast-breadcrumbs-content":"","ast-featured-img":"","footer-sml-layout":"","ast-disable-related-posts":"","theme-transparent-header-meta":"","adv-header-id-meta":"","stick-header-meta":"","header-above-stick-meta":"","header-main-stick-meta":"","header-below-stick-meta":"","astra-migrate-meta-layouts":"set","ast-page-background-enabled":"default","ast-page-background-meta":{"desktop":{"background-color":"","background-image":"","background-repeat":"repeat","background-position":"center center","background-size":"auto","background-attachment":"scroll","background-type":"","background-media":"","overlay-type":"","overlay-color":"","overlay-opacity":"","overlay-gradient":""},"tablet":{"background-color":"","background-image":"","background-repeat":"repeat","background-position":"center center","background-size":"auto","background-attachment":"scroll","background-type":"","background-media":"","overlay-type":"","overlay-color":"","overlay-opacity":"","overlay-gradient":""},"mobile":{"background-color":"","background-image":"","background-repeat":"repeat","background-position":"center center","background-size":"auto","background-attachment":"scroll","background-type":"","background-media":"","overlay-type":"","overlay-color":"","overlay-opacity":"","overlay-gradient":""}},"ast-content-background-meta":{"desktop":{"background-color":"var(--ast-global-color-5)","background-image":"","background-repeat":"repeat","background-position":"center center","background-size":"auto","background-attachment":"scroll","background-type":"","background-media":"","overlay-type":"","overlay-color":"","overlay-opacity":"","overlay-gradient":""},"tablet":{"background-color":"var(--ast-global-color-5)","background-image":"","background-repeat":"repeat","background-position":"center center","background-size":"auto","background-attachment":"scroll","background-type":"","background-media":"","overlay-type":"","overlay-color":"","overlay-opacity":"","overlay-gradient":""},"mobile":{"background-color":"var(--ast-global-color-5)","background-image":"","background-repeat":"repeat","background-position":"center center","background-size":"auto","background-attachment":"scroll","background-type":"","background-media":"","overlay-type":"","overlay-color":"","overlay-opacity":"","overlay-gradient":""}},"footnotes":""},"categories":[27,12],"tags":[109,108,73],"class_list":["post-46197","post","type-post","status-publish","format-standard","has-post-thumbnail","hentry","category-nacionales","category-noticias","tag-alex-saab","tag-dignidad-de-venezuela","tag-libertad"],"_links":{"self":[{"href":"https:\/\/www.conati.gob.ve\/index.php\/wp-json\/wp\/v2\/posts\/46197","targetHints":{"allow":["GET"]}}],"collection":[{"href":"https:\/\/www.conati.gob.ve\/index.php\/wp-json\/wp\/v2\/posts"}],"about":[{"href":"https:\/\/www.conati.gob.ve\/index.php\/wp-json\/wp\/v2\/types\/post"}],"author":[{"embeddable":true,"href":"https:\/\/www.conati.gob.ve\/index.php\/wp-json\/wp\/v2\/users\/1"}],"replies":[{"embeddable":true,"href":"https:\/\/www.conati.gob.ve\/index.php\/wp-json\/wp\/v2\/comments?post=46197"}],"version-history":[{"count":1,"href":"https:\/\/www.conati.gob.ve\/index.php\/wp-json\/wp\/v2\/posts\/46197\/revisions"}],"predecessor-version":[{"id":46199,"href":"https:\/\/www.conati.gob.ve\/index.php\/wp-json\/wp\/v2\/posts\/46197\/revisions\/46199"}],"wp:featuredmedia":[{"embeddable":true,"href":"https:\/\/www.conati.gob.ve\/index.php\/wp-json\/wp\/v2\/media\/46198"}],"wp:attachment":[{"href":"https:\/\/www.conati.gob.ve\/index.php\/wp-json\/wp\/v2\/media?parent=46197"}],"wp:term":[{"taxonomy":"category","embeddable":true,"href":"https:\/\/www.conati.gob.ve\/index.php\/wp-json\/wp\/v2\/categories?post=46197"},{"taxonomy":"post_tag","embeddable":true,"href":"https:\/\/www.conati.gob.ve\/index.php\/wp-json\/wp\/v2\/tags?post=46197"}],"curies":[{"name":"wp","href":"https:\/\/api.w.org\/{rel}","templated":true}]}}