{"id":49807,"date":"2024-01-10T16:00:20","date_gmt":"2024-01-10T20:00:20","guid":{"rendered":"https:\/\/www.conati.gob.ve\/?p=49807"},"modified":"2024-02-28T14:55:35","modified_gmt":"2024-02-28T18:55:35","slug":"onu-declara-16-de-septiembre-como-dia-internacional-de-la-ciencia-tecnologia-e-innovacion-para-el-sur-2","status":"publish","type":"post","link":"https:\/\/www.conati.gob.ve\/index.php\/2024\/01\/10\/onu-declara-16-de-septiembre-como-dia-internacional-de-la-ciencia-tecnologia-e-innovacion-para-el-sur-2\/","title":{"rendered":"ONU declara 16 de septiembre como D\u00eda Internacional de la Ciencia, Tecnolog\u00eda e Innovaci\u00f3n para el Sur"},"content":{"rendered":"\n<p>El 16 de septiembre fue declarado como D\u00eda Internacional de la Ciencia, Tecnolog\u00eda e Innovaci\u00f3n para el Sur, por la Asamblea General de las Naciones Unidas, representando un gran paso para los pa\u00edses y su desarrollo.<\/p>\n\n\n\n<p>La nueva fecha aprobada, resalta el papel clave que tiene el avance de la ciencia y tecnolog\u00eda en el crecimiento econ\u00f3mico y el desarrollo sostenible del mundo.<\/p>\n\n\n\n<p>Esta propuesta fue apoyada por los jefes de Estado y Gobierno presentes en la Cumbre del G77 y China, celebrada en La Habana en septiembre de 2023, con el fin de cerrar las brechas entre pa\u00edses desarrollados y en desarrollo en cuanto a posibilidades y capacidades para producir nuevos conocimientos, refiere nota de Prensa Latina.<\/p>\n\n\n\n<p>Asimismo, promueve la idea de crear un entorno inclusivo y no discriminatorio que fortalezca los esfuerzos de las naciones menos favorecidas para el desarrollo y fortalecimiento de sus sistemas nacionales, cient\u00edficos, tecnol\u00f3gicos e innovadores.<\/p>\n\n\n\n<p>En este sentido, el embajador de Cuba ante las Naciones Unidas, Pedro Luis Pedroso, se\u00f1al\u00f3 que esta fecha realza el necesario apoyo de la comunidad internacional, la cooperaci\u00f3n Norte-Sur y otras formas complementarias de cooperaci\u00f3n como la triangular o Sur-Sur para aumentar las capacidades.<\/p>\n\n\n\n<p>Manifest\u00f3 que la ciencia, la tecnolog\u00eda y la innovaci\u00f3n constituyen una gran creciente en \u00e1mbitos fundamentales de la vida humana.<\/p>\n\n\n\n<p>De esta forma, las autoridades esperan que el pr\u00f3ximo 16 de septiembre se convierta en una fecha para impulsar diferentes iniciativas y proyectos de cooperaci\u00f3n que fortalezcan la ciencia y la tecnolog\u00eda en la regi\u00f3n.<\/p>\n\n\n\n<p><em>Oficina de Gesti\u00f3n Comunicacional del Ministerio del Poder Popular para Ciencia y Tecnolog\u00eda \/ Periodista: Sheila Bravo<\/em><\/p>\n","protected":false},"excerpt":{"rendered":"<p>El 16 de septiembre fue declarado como D\u00eda Internacional de la Ciencia, Tecnolog\u00eda e Innovaci\u00f3n para el Sur, por la Asamblea General de las Naciones Unidas, representando un gran paso para los pa\u00edses y su desarrollo. La nueva fecha aprobada, resalta el papel clave que tiene el avance de la ciencia y tecnolog\u00eda en el [&hellip;]<\/p>\n","protected":false},"author":1,"featured_media":49805,"comment_status":"closed","ping_status":"open","sticky":false,"template":"","format":"standard","meta":{"site-sidebar-layout":"default","site-content-layout":"","ast-site-content-layout":"default","site-content-style":"default","site-sidebar-style":"default","ast-global-header-display":"","ast-banner-title-visibility":"","ast-main-header-display":"","ast-hfb-above-header-display":"","ast-hfb-below-header-display":"","ast-hfb-mobile-header-display":"","site-post-title":"","ast-breadcrumbs-content":"","ast-featured-img":"","footer-sml-layout":"","ast-disable-related-posts":"","theme-transparent-header-meta":"","adv-header-id-meta":"","stick-header-meta":"","header-above-stick-meta":"","header-main-stick-meta":"","header-below-stick-meta":"","astra-migrate-meta-layouts":"set","ast-page-background-enabled":"default","ast-page-background-meta":{"desktop":{"background-color":"","background-image":"","background-repeat":"repeat","background-position":"center center","background-size":"auto","background-attachment":"scroll","background-type":"","background-media":"","overlay-type":"","overlay-color":"","overlay-opacity":"","overlay-gradient":""},"tablet":{"background-color":"","background-image":"","background-repeat":"repeat","background-position":"center center","background-size":"auto","background-attachment":"scroll","background-type":"","background-media":"","overlay-type":"","overlay-color":"","overlay-opacity":"","overlay-gradient":""},"mobile":{"background-color":"","background-image":"","background-repeat":"repeat","background-position":"center center","background-size":"auto","background-attachment":"scroll","background-type":"","background-media":"","overlay-type":"","overlay-color":"","overlay-opacity":"","overlay-gradient":""}},"ast-content-background-meta":{"desktop":{"background-color":"var(--ast-global-color-5)","background-image":"","background-repeat":"repeat","background-position":"center center","background-size":"auto","background-attachment":"scroll","background-type":"","background-media":"","overlay-type":"","overlay-color":"","overlay-opacity":"","overlay-gradient":""},"tablet":{"background-color":"var(--ast-global-color-5)","background-image":"","background-repeat":"repeat","background-position":"center center","background-size":"auto","background-attachment":"scroll","background-type":"","background-media":"","overlay-type":"","overlay-color":"","overlay-opacity":"","overlay-gradient":""},"mobile":{"background-color":"var(--ast-global-color-5)","background-image":"","background-repeat":"repeat","background-position":"center center","background-size":"auto","background-attachment":"scroll","background-type":"","background-media":"","overlay-type":"","overlay-color":"","overlay-opacity":"","overlay-gradient":""}},"footnotes":""},"categories":[28],"tags":[125,33,60],"class_list":["post-49807","post","type-post","status-publish","format-standard","has-post-thumbnail","hentry","category-internacionales","tag-avance-de-la-ciencia-y-tecnologia","tag-ciencia-y-tecnologia","tag-organizacion-de-las-naciones-unidas-onu"],"_links":{"self":[{"href":"https:\/\/www.conati.gob.ve\/index.php\/wp-json\/wp\/v2\/posts\/49807","targetHints":{"allow":["GET"]}}],"collection":[{"href":"https:\/\/www.conati.gob.ve\/index.php\/wp-json\/wp\/v2\/posts"}],"about":[{"href":"https:\/\/www.conati.gob.ve\/index.php\/wp-json\/wp\/v2\/types\/post"}],"author":[{"embeddable":true,"href":"https:\/\/www.conati.gob.ve\/index.php\/wp-json\/wp\/v2\/users\/1"}],"replies":[{"embeddable":true,"href":"https:\/\/www.conati.gob.ve\/index.php\/wp-json\/wp\/v2\/comments?post=49807"}],"version-history":[{"count":1,"href":"https:\/\/www.conati.gob.ve\/index.php\/wp-json\/wp\/v2\/posts\/49807\/revisions"}],"predecessor-version":[{"id":49808,"href":"https:\/\/www.conati.gob.ve\/index.php\/wp-json\/wp\/v2\/posts\/49807\/revisions\/49808"}],"wp:featuredmedia":[{"embeddable":true,"href":"https:\/\/www.conati.gob.ve\/index.php\/wp-json\/wp\/v2\/media\/49805"}],"wp:attachment":[{"href":"https:\/\/www.conati.gob.ve\/index.php\/wp-json\/wp\/v2\/media?parent=49807"}],"wp:term":[{"taxonomy":"category","embeddable":true,"href":"https:\/\/www.conati.gob.ve\/index.php\/wp-json\/wp\/v2\/categories?post=49807"},{"taxonomy":"post_tag","embeddable":true,"href":"https:\/\/www.conati.gob.ve\/index.php\/wp-json\/wp\/v2\/tags?post=49807"}],"curies":[{"name":"wp","href":"https:\/\/api.w.org\/{rel}","templated":true}]}}