{"id":49812,"date":"2024-01-09T16:04:58","date_gmt":"2024-01-09T20:04:58","guid":{"rendered":"https:\/\/www.conati.gob.ve\/?p=49812"},"modified":"2024-02-28T14:55:35","modified_gmt":"2024-02-28T18:55:35","slug":"general-sifontes-un-patriota-que-batallo-contra-la-injerencia-britanica","status":"publish","type":"post","link":"https:\/\/www.conati.gob.ve\/index.php\/2024\/01\/09\/general-sifontes-un-patriota-que-batallo-contra-la-injerencia-britanica\/","title":{"rendered":"General Sifontes: un patriota que batall\u00f3 contra la injerencia brit\u00e1nica"},"content":{"rendered":"\n<p>El general venezolano Domingo Antonio Sifontes, fue un patriota que lider\u00f3 la lucha de la soberan\u00eda nacional en 1895, frente a los ingleses de la Guayana Brit\u00e1nica, hoy Guyana, que cruzaron por el R\u00edo Cuyun\u00ed para apoderarse de las minas de oro de Venezuela.<\/p>\n\n\n\n<p>Al cumplirse, este martes 9 de enero, 112 a\u00f1os de su siembra, la vicepresidenta Sectorial de Ciencia, Tecnolog\u00eda, Educaci\u00f3n y Salud, Gabriela Jim\u00e9nez Ram\u00edrez, resalt\u00f3 en su cuenta en la red social X, la vida y lucha soberana del General Sifontes.<\/p>\n\n\n\n<p>\u201cEl General Sifontes lider\u00f3 la defensa de la soberan\u00eda de Venezuela frente a las amenazas brit\u00e1nicas. En el Incidente del Cuyun\u00ed en 1895, bajo su direcci\u00f3n, las fuerzas venezolanas salieron victoriosas en un enfrentamiento armado contra los brit\u00e1nicos\u201d, public\u00f3 la tambi\u00e9n ministra de Ciencia y Tecnolog\u00eda en X.<\/p>\n\n\n\n<p>El General Sifontes naci\u00f3 en la ciudad de Barcelona, estado Anzo\u00e1tegui, donde pas\u00f3 sus primeros a\u00f1os de vida. En su infancia, fue llevado a Tumeremo, capital del Municipio Sifontes, en el estado Bol\u00edvar, donde estudi\u00f3 y aprendi\u00f3 sobre agricultura para, finalmente, ingresar a las filas militares del pa\u00eds.<\/p>\n\n\n\n<p>Su gran aporte en defensa y protecci\u00f3n del territorio nacional, se consagr\u00f3 el 2 de enero de 1895, cuando expulsan a los invasores brit\u00e1nicos que izaron su bandera cerca del R\u00edo Cuyun\u00ed, con la intenci\u00f3n de avanzar hacia El Dorado, Upata, Tumeremo y El Callao para robar y apropiarse las minas de oro ubicadas en Venezuela.<\/p>\n\n\n\n<p>Por esta haza\u00f1a, el Gobierno Bolivariano orden\u00f3 trasladar los restos mortales del general al Pante\u00f3n Nacional.<\/p>\n\n\n\n<p>El s\u00e1bado 6 de enero de 2024, tras exhumar sus restos en Tumeremo, se realiz\u00f3 una parada militar para rendirle honores al general Domingo Antonio Sifontes y comenzar su traslado a Caracas, en medio de los honores militares y del pueblo.<\/p>\n\n\n\n<p>Desde su cuenta en la red social X, el presidente de la Rep\u00fablica Bolivariana de Venezuela, Nicol\u00e1s Maduro, honr\u00f3 la memoria de este h\u00e9roe de la patria: \u201cEl General Domingo Antonio Sifontes, \u00abEl Terror de los ingleses\u00bb, siempre defendi\u00f3 nuestro territorio, leg\u00edtimamente venezolano, y detuvo al imperio brit\u00e1nico en el Sur, con su fuerza patri\u00f3tica e independentista. \u00a1Nuestro Pueblo reconoce a los h\u00e9roes de la Patria!\u201d, escribi\u00f3.<\/p>\n\n\n\n<p>Por su parte, la Asamblea Nacional realiz\u00f3 una sesi\u00f3n ordinaria, este martes, para aprobar el Proyecto de Acuerdo mediante el cual se le conceden los Honores del Pante\u00f3n Nacional, en Caracas.<\/p>\n\n\n\n<p>El traslado de los restos mortales del General Domingo Antonio Sifontes, se realiz\u00f3 desde el Patio de Honor de la Academia Militar, en una caravana liderada por el vicepresidente sectorial de Soberan\u00eda y Paz y ministro del Poder Popular de la Defensa, G\/J Vladimir Padrino L\u00f3pez.<\/p>\n\n\n\n<p>El recorrido incluy\u00f3 paradas en la AN donde rindieron honores, una ofrenda florar en la Plaza Bol\u00edvar, continuando por la esquina de Veroes, Avenida Urdaneta, Bulevar Pante\u00f3n y esquina de Jesuitas con avenida Oeste 3, hasta llegar al Pante\u00f3n Nacional.<\/p>\n\n\n\n<p>En los actos tambi\u00e9n participaron la vicepresidenta Ejecutiva de la Rep\u00fablica, Delcy Rodr\u00edguez; el presidente de la AN, Jorge Rodr\u00edguez; la alcaldesa del municipio Libertador, Carmen Mel\u00e9ndez, entre otras autoridades.<\/p>\n\n\n\n<p>Desde este lunes 9 de enero, los restos del General Domingo Antonio Sifontes descansan junto a otros dignos hombres y mujeres que han demostrado su amor y compromiso patrio.<\/p>\n\n\n\n<p><em>Oficina de Gesti\u00f3n Comunicacional del Ministerio del Poder Popular para Ciencia y Tecnolog\u00eda \/ Periodista: Rosiris Ortega Ortiz.<\/em><\/p>\n","protected":false},"excerpt":{"rendered":"<p>El general venezolano Domingo Antonio Sifontes, fue un patriota que lider\u00f3 la lucha de la soberan\u00eda nacional en 1895, frente a los ingleses de la Guayana Brit\u00e1nica, hoy Guyana, que cruzaron por el R\u00edo Cuyun\u00ed para apoderarse de las minas de oro de Venezuela. Al cumplirse, este martes 9 de enero, 112 a\u00f1os de su [&hellip;]<\/p>\n","protected":false},"author":1,"featured_media":49813,"comment_status":"closed","ping_status":"open","sticky":false,"template":"","format":"standard","meta":{"site-sidebar-layout":"default","site-content-layout":"","ast-site-content-layout":"default","site-content-style":"default","site-sidebar-style":"default","ast-global-header-display":"","ast-banner-title-visibility":"","ast-main-header-display":"","ast-hfb-above-header-display":"","ast-hfb-below-header-display":"","ast-hfb-mobile-header-display":"","site-post-title":"","ast-breadcrumbs-content":"","ast-featured-img":"","footer-sml-layout":"","ast-disable-related-posts":"","theme-transparent-header-meta":"","adv-header-id-meta":"","stick-header-meta":"","header-above-stick-meta":"","header-main-stick-meta":"","header-below-stick-meta":"","astra-migrate-meta-layouts":"set","ast-page-background-enabled":"default","ast-page-background-meta":{"desktop":{"background-color":"","background-image":"","background-repeat":"repeat","background-position":"center center","background-size":"auto","background-attachment":"scroll","background-type":"","background-media":"","overlay-type":"","overlay-color":"","overlay-opacity":"","overlay-gradient":""},"tablet":{"background-color":"","background-image":"","background-repeat":"repeat","background-position":"center center","background-size":"auto","background-attachment":"scroll","background-type":"","background-media":"","overlay-type":"","overlay-color":"","overlay-opacity":"","overlay-gradient":""},"mobile":{"background-color":"","background-image":"","background-repeat":"repeat","background-position":"center center","background-size":"auto","background-attachment":"scroll","background-type":"","background-media":"","overlay-type":"","overlay-color":"","overlay-opacity":"","overlay-gradient":""}},"ast-content-background-meta":{"desktop":{"background-color":"var(--ast-global-color-5)","background-image":"","background-repeat":"repeat","background-position":"center center","background-size":"auto","background-attachment":"scroll","background-type":"","background-media":"","overlay-type":"","overlay-color":"","overlay-opacity":"","overlay-gradient":""},"tablet":{"background-color":"var(--ast-global-color-5)","background-image":"","background-repeat":"repeat","background-position":"center center","background-size":"auto","background-attachment":"scroll","background-type":"","background-media":"","overlay-type":"","overlay-color":"","overlay-opacity":"","overlay-gradient":""},"mobile":{"background-color":"var(--ast-global-color-5)","background-image":"","background-repeat":"repeat","background-position":"center center","background-size":"auto","background-attachment":"scroll","background-type":"","background-media":"","overlay-type":"","overlay-color":"","overlay-opacity":"","overlay-gradient":""}},"footnotes":""},"categories":[27,12],"tags":[128,129,130],"class_list":["post-49812","post","type-post","status-publish","format-standard","has-post-thumbnail","hentry","category-nacionales","category-noticias","tag-general-sinfontes","tag-injerencia-britanica","tag-procer"],"_links":{"self":[{"href":"https:\/\/www.conati.gob.ve\/index.php\/wp-json\/wp\/v2\/posts\/49812","targetHints":{"allow":["GET"]}}],"collection":[{"href":"https:\/\/www.conati.gob.ve\/index.php\/wp-json\/wp\/v2\/posts"}],"about":[{"href":"https:\/\/www.conati.gob.ve\/index.php\/wp-json\/wp\/v2\/types\/post"}],"author":[{"embeddable":true,"href":"https:\/\/www.conati.gob.ve\/index.php\/wp-json\/wp\/v2\/users\/1"}],"replies":[{"embeddable":true,"href":"https:\/\/www.conati.gob.ve\/index.php\/wp-json\/wp\/v2\/comments?post=49812"}],"version-history":[{"count":1,"href":"https:\/\/www.conati.gob.ve\/index.php\/wp-json\/wp\/v2\/posts\/49812\/revisions"}],"predecessor-version":[{"id":49814,"href":"https:\/\/www.conati.gob.ve\/index.php\/wp-json\/wp\/v2\/posts\/49812\/revisions\/49814"}],"wp:featuredmedia":[{"embeddable":true,"href":"https:\/\/www.conati.gob.ve\/index.php\/wp-json\/wp\/v2\/media\/49813"}],"wp:attachment":[{"href":"https:\/\/www.conati.gob.ve\/index.php\/wp-json\/wp\/v2\/media?parent=49812"}],"wp:term":[{"taxonomy":"category","embeddable":true,"href":"https:\/\/www.conati.gob.ve\/index.php\/wp-json\/wp\/v2\/categories?post=49812"},{"taxonomy":"post_tag","embeddable":true,"href":"https:\/\/www.conati.gob.ve\/index.php\/wp-json\/wp\/v2\/tags?post=49812"}],"curies":[{"name":"wp","href":"https:\/\/api.w.org\/{rel}","templated":true}]}}