{"id":49821,"date":"2024-01-09T16:27:54","date_gmt":"2024-01-09T20:27:54","guid":{"rendered":"https:\/\/www.conati.gob.ve\/?p=49821"},"modified":"2024-02-28T14:55:35","modified_gmt":"2024-02-28T18:55:35","slug":"junta-directiva-de-la-an-presento-al-ejecutivo-nacional-notificacion-de-inicio-de-sesiones","status":"publish","type":"post","link":"https:\/\/www.conati.gob.ve\/index.php\/2024\/01\/09\/junta-directiva-de-la-an-presento-al-ejecutivo-nacional-notificacion-de-inicio-de-sesiones\/","title":{"rendered":"Junta Directiva de la AN present\u00f3 al Ejecutivo Nacional notificaci\u00f3n de inicio de sesiones"},"content":{"rendered":"\n<p>Desde el sal\u00f3n Sim\u00f3n Bol\u00edvar del Palacio de Miraflores, en Caracas, los miembros de la Junta Directiva de la Asamblea Nacional (AN), realizaron la notificaci\u00f3n legal al Ejecutivo Nacional del inicio del per\u00edodo de sesiones de la AN para el a\u00f1o 2024 \u2013 2025.<\/p>\n\n\n\n<p>Al acto asisti\u00f3 el presidente de la Asamblea Nacional, Jorge Rodr\u00edguez, junto al primer vicepresidente del parlamento, diputado Pedro Infante y la segunda vicepresidenta de la Asamblea Nacional, diputada Am\u00e9rica P\u00e9rez; acompa\u00f1ados de la secretaria y el subsecretario de la instancia legislativa, Mar\u00eda Alejandra Hern\u00e1ndez y Jos\u00e9 Omar Molina.<\/p>\n\n\n\n<p>Los diputados y diputadas fueron recibidos en el Palacio de Gobierno por el presidente de la Rep\u00fablica, Nicol\u00e1s Maduro, junto a la Primera Combatiente, Cilia Flores, la vicepresidenta Ejecutiva, Delcy Rodr\u00edguez, acompa\u00f1ada del Consejo de vicepresidentes de Gobierno.<\/p>\n\n\n\n<p>En el encuentro tambi\u00e9n participaron los diputados: Bernab\u00e9 Guti\u00e9rrez, de Acci\u00f3n Democr\u00e1tica; Juan Carlos Alvarado, del partido Copei; Timoteo Zambrano, por el partido Cambiemos; Luis Augusto Romero, de Avanzada Progresista; Luis Parra, por Primero Venezuela, Luis Augusto Romero, El Cambio y Carlos Melo, diputado independiente.<\/p>\n\n\n\n<p>Tras recibir la notificaci\u00f3n del inicio de las sesiones del nuevo per\u00edodo legislativo, el jefe de Estado, Nicol\u00e1s Maduro, se\u00f1al\u00f3 que \u201cel Parlamento Nacional debe ser el epicentro del debate de ideas pol\u00edticas, de propuestas donde la divergencia y la diversidad sea la expresi\u00f3n de una fortaleza de la conciencia nacional. Una conciencia democr\u00e1tica, multiforme, multicolor que tenga su expresi\u00f3n en las distintas organizaciones, movimientos y partidos pol\u00edticos\u201d.<\/p>\n\n\n\n<p>El mandatario nacional apunt\u00f3 que la actual AN ha cumplido tres per\u00edodos \u201ccon una cosecha fruct\u00edfera de 74 leyes que tienen que ver de manera directa con los temas de mayor importancia de nuestro pa\u00eds, con los problemas fundamentales de nuestro pueblo\u201d.<\/p>\n\n\n\n<p>Record\u00f3 que estas leyes buscan \u201ccrear nuevas oportunidades de trabajo, reconstruir la econom\u00eda, recuperar el estado de bienestar social y ampliar los derechos pol\u00edticos y libertades de Venezuela\u201d.<\/p>\n\n\n\n<p>\u201cNo se trata solo de n\u00fameros, se trata de la calidad de cada ley (\u2026) Leyes elaboradas por diputados, diputadas en plena consulta y en el ejercicio de la soberan\u00eda popular. Leyes nuestras, venezolanitas con el conocimiento, con la capacidad jur\u00eddica de elaboraci\u00f3n de leyes que tiene nuestra Asamblea Nacional\u201d, indic\u00f3.<\/p>\n\n\n\n<p>El presidente venezolano mencion\u00f3 que la antigua AN concentr\u00f3 su agenda en la promoci\u00f3n de la guerra econ\u00f3mica para destruir los distintos sectores.<\/p>\n\n\n\n<p>\u00abNunca m\u00e1s se puede utilizar el poder pol\u00edtico en Venezuela, ll\u00e1mese Asamblea Nacional, ll\u00e1mese Presidencia de la Rep\u00fablica, para entregar los intereses nacionales al extranjero, vil, cobarde, imperialista. Nunca m\u00e1s, para patear los derechos constitucionales del pueblo, nunca m\u00e1s\u201d, dijo.<\/p>\n\n\n\n<p>Asimismo, el jefe de Estado indic\u00f3: \u201cnos hemos formado como revolucionarios y la esencia fundamental de los revolucionarios es la convicci\u00f3n de la libertad, de la democracia verdadera, participativa, protag\u00f3nica\u201d.<\/p>\n\n\n\n<p>Al respecto, el presidente de la AN, diputado Jorge Rodr\u00edguez, afirm\u00f3 que el parlamento ha dado importantes pasos, mediante su trabajo, para sanar las heridas que dej\u00f3 la destructiva gesti\u00f3n opositora del periodo 2016-2020.<\/p>\n\n\n\n<p>En este sentido, mencion\u00f3 que \u201cutilizaron un poder tan importante como el poder legislativo de la Rep\u00fablica Bolivariana de Venezuela, para promover las m\u00e1s atroces agresiones en contra de nuestro pueblo. Todas las sanciones econ\u00f3micas, todas las consecuencias del bloqueo. Todas las solicitudes y peticiones de agresiones militares extranjeras y de mercenarios contra Venezuela, se gestaron precisamente desde la gesti\u00f3n del Poder Legislativo\u201d.<\/p>\n\n\n\n<p>Rodr\u00edguez, se\u00f1al\u00f3 que para los pr\u00f3ximos meses de sesiones la AN impulsar\u00e1 nuevas estrategias orientadas a la recuperaci\u00f3n del estado de bienestar y de la prosperidad del pueblo venezolano.<br>En este contexto, afirm\u00f3 que existe un adelanto de un grupo de leyes que tienen que ver con el tema econ\u00f3mico, como la ley de fomento de exportaciones, para trabajar en la modernizaci\u00f3n de los elementos de transacciones comerciales.<\/p>\n\n\n\n<p>Por otra parte, en materia de leyes que promueven la consolidaci\u00f3n de poder popular organizado, se refiri\u00f3 a la Ley de las Comunas, en la que los diputados y diputadas trabajar\u00e1n para definir el ordenamiento pol\u00edtico territorial y su adaptaci\u00f3n a los nuevos tiempos en materia econ\u00f3mica y en el \u00e1rea de emprendimientos.<\/p>\n\n\n\n<p>Finalmente, Rodr\u00edguez manifest\u00f3 que mediante los mecanismos que establece la Constituci\u00f3n de la Rep\u00fablica Bolivariana de Venezuela, la Asamblea Nacional renovar\u00e1 los m\u00e1ximos cargos de las instituciones integrantes del Poder Ciudadano.<\/p>\n\n\n\n<p>\u201cNos referimos espec\u00edficamente a la selecci\u00f3n del fiscal o fiscala general de la Rep\u00fablica, del contralor o contralora general de la Rep\u00fablica, y del defensor o defensora del Pueblo\u201d, dijo.<\/p>\n\n\n\n<p><em>Oficina de Gesti\u00f3n Comunicacional del Ministerio del Poder Popular para Ciencia y Tecnolog\u00eda \/ Periodista: Sheila Bravo<\/em><\/p>\n","protected":false},"excerpt":{"rendered":"<p>Desde el sal\u00f3n Sim\u00f3n Bol\u00edvar del Palacio de Miraflores, en Caracas, los miembros de la Junta Directiva de la Asamblea Nacional (AN), realizaron la notificaci\u00f3n legal al Ejecutivo Nacional del inicio del per\u00edodo de sesiones de la AN para el a\u00f1o 2024 \u2013 2025. Al acto asisti\u00f3 el presidente de la Asamblea Nacional, Jorge Rodr\u00edguez, [&hellip;]<\/p>\n","protected":false},"author":1,"featured_media":49822,"comment_status":"closed","ping_status":"open","sticky":false,"template":"","format":"standard","meta":{"site-sidebar-layout":"default","site-content-layout":"","ast-site-content-layout":"default","site-content-style":"default","site-sidebar-style":"default","ast-global-header-display":"","ast-banner-title-visibility":"","ast-main-header-display":"","ast-hfb-above-header-display":"","ast-hfb-below-header-display":"","ast-hfb-mobile-header-display":"","site-post-title":"","ast-breadcrumbs-content":"","ast-featured-img":"","footer-sml-layout":"","ast-disable-related-posts":"","theme-transparent-header-meta":"","adv-header-id-meta":"","stick-header-meta":"","header-above-stick-meta":"","header-main-stick-meta":"","header-below-stick-meta":"","astra-migrate-meta-layouts":"set","ast-page-background-enabled":"default","ast-page-background-meta":{"desktop":{"background-color":"","background-image":"","background-repeat":"repeat","background-position":"center center","background-size":"auto","background-attachment":"scroll","background-type":"","background-media":"","overlay-type":"","overlay-color":"","overlay-opacity":"","overlay-gradient":""},"tablet":{"background-color":"","background-image":"","background-repeat":"repeat","background-position":"center center","background-size":"auto","background-attachment":"scroll","background-type":"","background-media":"","overlay-type":"","overlay-color":"","overlay-opacity":"","overlay-gradient":""},"mobile":{"background-color":"","background-image":"","background-repeat":"repeat","background-position":"center center","background-size":"auto","background-attachment":"scroll","background-type":"","background-media":"","overlay-type":"","overlay-color":"","overlay-opacity":"","overlay-gradient":""}},"ast-content-background-meta":{"desktop":{"background-color":"var(--ast-global-color-5)","background-image":"","background-repeat":"repeat","background-position":"center center","background-size":"auto","background-attachment":"scroll","background-type":"","background-media":"","overlay-type":"","overlay-color":"","overlay-opacity":"","overlay-gradient":""},"tablet":{"background-color":"var(--ast-global-color-5)","background-image":"","background-repeat":"repeat","background-position":"center center","background-size":"auto","background-attachment":"scroll","background-type":"","background-media":"","overlay-type":"","overlay-color":"","overlay-opacity":"","overlay-gradient":""},"mobile":{"background-color":"var(--ast-global-color-5)","background-image":"","background-repeat":"repeat","background-position":"center center","background-size":"auto","background-attachment":"scroll","background-type":"","background-media":"","overlay-type":"","overlay-color":"","overlay-opacity":"","overlay-gradient":""}},"footnotes":""},"categories":[27,12],"tags":[139,141,140],"class_list":["post-49821","post","type-post","status-publish","format-standard","has-post-thumbnail","hentry","category-nacionales","category-noticias","tag-asamblea-nacional","tag-cartera-ministerial","tag-inicio-de-sesiones"],"_links":{"self":[{"href":"https:\/\/www.conati.gob.ve\/index.php\/wp-json\/wp\/v2\/posts\/49821","targetHints":{"allow":["GET"]}}],"collection":[{"href":"https:\/\/www.conati.gob.ve\/index.php\/wp-json\/wp\/v2\/posts"}],"about":[{"href":"https:\/\/www.conati.gob.ve\/index.php\/wp-json\/wp\/v2\/types\/post"}],"author":[{"embeddable":true,"href":"https:\/\/www.conati.gob.ve\/index.php\/wp-json\/wp\/v2\/users\/1"}],"replies":[{"embeddable":true,"href":"https:\/\/www.conati.gob.ve\/index.php\/wp-json\/wp\/v2\/comments?post=49821"}],"version-history":[{"count":1,"href":"https:\/\/www.conati.gob.ve\/index.php\/wp-json\/wp\/v2\/posts\/49821\/revisions"}],"predecessor-version":[{"id":49823,"href":"https:\/\/www.conati.gob.ve\/index.php\/wp-json\/wp\/v2\/posts\/49821\/revisions\/49823"}],"wp:featuredmedia":[{"embeddable":true,"href":"https:\/\/www.conati.gob.ve\/index.php\/wp-json\/wp\/v2\/media\/49822"}],"wp:attachment":[{"href":"https:\/\/www.conati.gob.ve\/index.php\/wp-json\/wp\/v2\/media?parent=49821"}],"wp:term":[{"taxonomy":"category","embeddable":true,"href":"https:\/\/www.conati.gob.ve\/index.php\/wp-json\/wp\/v2\/categories?post=49821"},{"taxonomy":"post_tag","embeddable":true,"href":"https:\/\/www.conati.gob.ve\/index.php\/wp-json\/wp\/v2\/tags?post=49821"}],"curies":[{"name":"wp","href":"https:\/\/api.w.org\/{rel}","templated":true}]}}