{"id":9568,"date":"2023-01-31T15:12:50","date_gmt":"2023-01-31T19:12:50","guid":{"rendered":"https:\/\/www.conati.gob.ve\/?p=9568"},"modified":"2023-01-31T15:16:52","modified_gmt":"2023-01-31T19:16:52","slug":"venezuela-fija-la-descolonizacion-cultural-como-eje-de-trabajo-para-2023","status":"publish","type":"post","link":"https:\/\/www.conati.gob.ve\/index.php\/2023\/01\/31\/venezuela-fija-la-descolonizacion-cultural-como-eje-de-trabajo-para-2023\/","title":{"rendered":"Venezuela fija la Descolonizaci\u00f3n Cultural como eje de Trabajo para 2023"},"content":{"rendered":"\t\t<div data-elementor-type=\"wp-post\" data-elementor-id=\"9568\" class=\"elementor elementor-9568\" data-elementor-post-type=\"post\">\n\t\t\t\t\t\t<section data-particle_enable=\"false\" data-particle-mobile-disabled=\"false\" class=\"elementor-section elementor-top-section elementor-element elementor-element-13fe233 elementor-section-boxed elementor-section-height-default elementor-section-height-default\" data-id=\"13fe233\" data-element_type=\"section\" data-e-type=\"section\">\n\t\t\t\t\t\t<div class=\"elementor-container elementor-column-gap-default\">\n\t\t\t\t\t<div class=\"elementor-column elementor-col-100 elementor-top-column elementor-element elementor-element-b34a590\" data-id=\"b34a590\" data-element_type=\"column\" data-e-type=\"column\">\n\t\t\t<div class=\"elementor-widget-wrap elementor-element-populated\">\n\t\t\t\t\t\t<div class=\"elementor-element elementor-element-0204ec4 elementor-widget elementor-widget-text-editor\" data-id=\"0204ec4\" data-element_type=\"widget\" data-e-type=\"widget\" data-widget_type=\"text-editor.default\">\n\t\t\t\t<div class=\"elementor-widget-container\">\n\t\t\t\t\t\t\t\t\t<p align=\"justify\">Este jueves, 12 de enero, el presidente de Venezuela, Nicol\u00e1s Maduro, present\u00f3 las l\u00edneas fundamentales de trabajo para el 2023, \u201cque debe ser la concentraci\u00f3n del esfuerzo nacional, de la uni\u00f3n de todas y todos por la construcci\u00f3n de la Patria\u201d.<\/p><p align=\"justify\">Durante su mensaje anual a la naci\u00f3n, en la Asamblea Nacional, el mandatario venezolano anunci\u00f3 6 l\u00edneas de trabajo para el 2023, alocuci\u00f3n en la que, asimismo, destac\u00f3 que el a\u00f1o 2022 fue un a\u00f1o de resistencia, \u201cen el que sellamos peque\u00f1as y grandes victorias que tienen sus ra\u00edces en un proceso hist\u00f3rico de lucha bolivariana y revolucionaria que abre camino hacia el futuro\u201d.<\/p><p align=\"justify\">En su presentaci\u00f3n, el jefe del Ejecutivo indic\u00f3 que la primera l\u00ednea, de las 6 l\u00edneas de trabajo, se fundamenta en consolidar la recuperaci\u00f3n econ\u00f3mica, con igualdad, la cual apunta a transformar las condiciones materiales a favor de la igualdad y la inclusi\u00f3n.<\/p><p align=\"justify\">La segunda l\u00ednea, se enfoca en expandir la protecci\u00f3n social, que busca consolidar el crecimiento econ\u00f3mico en funci\u00f3n de mejorar los programas de protecci\u00f3n para erradicar la pobreza.<\/p><p align=\"justify\">La tercera l\u00ednea, se dirige a ampliar la presencia del poder popular, con miras a impulsar la participaci\u00f3n y el protagonismo del pueblo organizado para la reactivaci\u00f3n de la econom\u00eda y la repolitizaci\u00f3n positiva del pa\u00eds.<\/p><p align=\"justify\">En la cuarta l\u00ednea, el jefe de Estado se\u00f1al\u00f3 que, para el a\u00f1o 2023, se prev\u00e9 consolidar la seguridad integral de la naci\u00f3n y garantizar la justicia. En este sentido, se busca fortalecer las buenas pr\u00e1cticas en materia de protecci\u00f3n ciudadana en el contexto de una cultura de paz cercana al pueblo.<\/p><p align=\"justify\">La quinta l\u00ednea insta a avanzar en la independencia integral y la descolonizaci\u00f3n, que tiene como objetivo consolidar la independencia econ\u00f3mica, tecnol\u00f3gica y cultural bajo criterios que rompan con la ideolog\u00eda colonial, teniendo como principal objetivo la defensa del territorio de la Guayana Esequiba.<\/p><p align=\"justify\">La sexta y \u00faltima de las l\u00edneas plantea consolidar la patria grande, para avanzar en el fortalecimiento de una nueva geopol\u00edtica regional, de una nueva integraci\u00f3n.<\/p><p align=\"justify\"><strong>Cese de las ilegales medidas coercitivas contra Venezuela<\/strong><\/p><p align=\"justify\">En su alocuci\u00f3n ante la naci\u00f3n, el presidente Nicol\u00e1s Maduro exigi\u00f3 el cese de las ilegales medidas coercitivas contra Venezuela, impuestas unilateralmente por el Gobierno de los Estados Unidos.<\/p><p align=\"justify\">\u00abLevanten el bloqueo criminal sobre el pueblo de Venezuela. \u00a1Ya basta de persecuci\u00f3n econ\u00f3mica y financiera!\u00bb, dijo.<\/p><p align=\"justify\">En cifras, el m\u00e1ximo representante del Ejecutivo expuso c\u00f3mo las medidas coercitivas impactaron los diversos sectores econ\u00f3micos y productivos del\u00a0 al pa\u00eds, en las que nombr\u00f3 las instancias del Gobierno nacional con un 42 % de afectaci\u00f3n, la industria petrolera con un 42 %, la econom\u00eda y las finanzas\u00a0 en un 17 % y el sector privado un 7 %.<\/p><p align=\"justify\">En tal sentido, denunci\u00f3 que la actividad petrolera, en su totalidad, est\u00e1 bajo persecuci\u00f3n \u00abcon el objetivo de que Venezuela no tenga los recursos que libremente debe percibir para invertirlos en su econom\u00eda y en los derechos sociales del pueblo\u00bb.<\/p><p align=\"justify\">Resalt\u00f3 que la guerra h\u00edbrida aplicada contra Venezuela \u00abes contra un pueblo, contra el intento de construir de manera soberana e independiente nuestro propio modelo social como lo define nuestra Constituci\u00f3n\u00bb.<\/p><p align=\"justify\">En este aspecto, el l\u00edder bolivariano inst\u00f3 a todos los venezolanos y las venezolanas a rechazar, de manera un\u00e1nime, el intervencionismo imperialista, el intervencionismo extranjero en el pa\u00eds.<\/p><p align=\"justify\"><strong>P\u00e9rdidas cuantiosas<\/strong><\/p><p align=\"justify\">En su mensaje, el presidente record\u00f3 que 927 medidas coercitivas unilaterales est\u00e1n vigentes contra Venezuela, lo que constituye una violaci\u00f3n a los derechos humanos del pueblo.<\/p><p align=\"justify\">\u201cVenezuela registr\u00f3 una p\u00e9rdida de ingresos brutos de 232 mil millones de d\u00f3lares, producto del ilegal bloqueo. El da\u00f1o patrimonial alcanza los 642 mil millones de d\u00f3lares\u201d, demostr\u00f3.<\/p><p align=\"justify\">Seg\u00fan estimaciones indican que, en los \u00faltimos ocho a\u00f1os, \u201csectores extremistas han despojado a Venezuela de 411 millones de d\u00f3lares por d\u00eda\u201d, apunt\u00f3.<\/p><p align=\"justify\"><strong>Prensa Mincyt\/Jos\u00e9 Tomedes.-<\/strong><\/p>\t\t\t\t\t\t\t\t<\/div>\n\t\t\t\t<\/div>\n\t\t\t\t\t<\/div>\n\t\t<\/div>\n\t\t\t\t\t<\/div>\n\t\t<\/section>\n\t\t\t\t<\/div>\n\t\t","protected":false},"excerpt":{"rendered":"<p>Este jueves, 12 de enero, el presidente de Venezuela, Nicol\u00e1s Maduro, present\u00f3 las l\u00edneas fundamentales de trabajo para el 2023, \u201cque debe ser la concentraci\u00f3n del esfuerzo nacional, de la uni\u00f3n de todas y todos por la construcci\u00f3n de la Patria\u201d. Durante su mensaje anual a la naci\u00f3n, en la Asamblea Nacional, el mandatario venezolano [&hellip;]<\/p>\n","protected":false},"author":1,"featured_media":9572,"comment_status":"open","ping_status":"open","sticky":false,"template":"","format":"standard","meta":{"site-sidebar-layout":"default","site-content-layout":"","ast-site-content-layout":"default","site-content-style":"default","site-sidebar-style":"default","ast-global-header-display":"","ast-banner-title-visibility":"","ast-main-header-display":"","ast-hfb-above-header-display":"","ast-hfb-below-header-display":"","ast-hfb-mobile-header-display":"","site-post-title":"","ast-breadcrumbs-content":"","ast-featured-img":"","footer-sml-layout":"","ast-disable-related-posts":"","theme-transparent-header-meta":"","adv-header-id-meta":"","stick-header-meta":"","header-above-stick-meta":"","header-main-stick-meta":"","header-below-stick-meta":"","astra-migrate-meta-layouts":"default","ast-page-background-enabled":"default","ast-page-background-meta":{"desktop":{"background-color":"","background-image":"","background-repeat":"repeat","background-position":"center center","background-size":"auto","background-attachment":"scroll","background-type":"","background-media":"","overlay-type":"","overlay-color":"","overlay-opacity":"","overlay-gradient":""},"tablet":{"background-color":"","background-image":"","background-repeat":"repeat","background-position":"center center","background-size":"auto","background-attachment":"scroll","background-type":"","background-media":"","overlay-type":"","overlay-color":"","overlay-opacity":"","overlay-gradient":""},"mobile":{"background-color":"","background-image":"","background-repeat":"repeat","background-position":"center center","background-size":"auto","background-attachment":"scroll","background-type":"","background-media":"","overlay-type":"","overlay-color":"","overlay-opacity":"","overlay-gradient":""}},"ast-content-background-meta":{"desktop":{"background-color":"var(--ast-global-color-5)","background-image":"","background-repeat":"repeat","background-position":"center center","background-size":"auto","background-attachment":"scroll","background-type":"","background-media":"","overlay-type":"","overlay-color":"","overlay-opacity":"","overlay-gradient":""},"tablet":{"background-color":"var(--ast-global-color-5)","background-image":"","background-repeat":"repeat","background-position":"center center","background-size":"auto","background-attachment":"scroll","background-type":"","background-media":"","overlay-type":"","overlay-color":"","overlay-opacity":"","overlay-gradient":""},"mobile":{"background-color":"var(--ast-global-color-5)","background-image":"","background-repeat":"repeat","background-position":"center center","background-size":"auto","background-attachment":"scroll","background-type":"","background-media":"","overlay-type":"","overlay-color":"","overlay-opacity":"","overlay-gradient":""}},"footnotes":""},"categories":[12],"tags":[],"class_list":["post-9568","post","type-post","status-publish","format-standard","has-post-thumbnail","hentry","category-noticias"],"_links":{"self":[{"href":"https:\/\/www.conati.gob.ve\/index.php\/wp-json\/wp\/v2\/posts\/9568","targetHints":{"allow":["GET"]}}],"collection":[{"href":"https:\/\/www.conati.gob.ve\/index.php\/wp-json\/wp\/v2\/posts"}],"about":[{"href":"https:\/\/www.conati.gob.ve\/index.php\/wp-json\/wp\/v2\/types\/post"}],"author":[{"embeddable":true,"href":"https:\/\/www.conati.gob.ve\/index.php\/wp-json\/wp\/v2\/users\/1"}],"replies":[{"embeddable":true,"href":"https:\/\/www.conati.gob.ve\/index.php\/wp-json\/wp\/v2\/comments?post=9568"}],"version-history":[{"count":4,"href":"https:\/\/www.conati.gob.ve\/index.php\/wp-json\/wp\/v2\/posts\/9568\/revisions"}],"predecessor-version":[{"id":9573,"href":"https:\/\/www.conati.gob.ve\/index.php\/wp-json\/wp\/v2\/posts\/9568\/revisions\/9573"}],"wp:featuredmedia":[{"embeddable":true,"href":"https:\/\/www.conati.gob.ve\/index.php\/wp-json\/wp\/v2\/media\/9572"}],"wp:attachment":[{"href":"https:\/\/www.conati.gob.ve\/index.php\/wp-json\/wp\/v2\/media?parent=9568"}],"wp:term":[{"taxonomy":"category","embeddable":true,"href":"https:\/\/www.conati.gob.ve\/index.php\/wp-json\/wp\/v2\/categories?post=9568"},{"taxonomy":"post_tag","embeddable":true,"href":"https:\/\/www.conati.gob.ve\/index.php\/wp-json\/wp\/v2\/tags?post=9568"}],"curies":[{"name":"wp","href":"https:\/\/api.w.org\/{rel}","templated":true}]}}